{"id":5226,"date":"2012-04-17T08:00:13","date_gmt":"2012-04-17T11:00:13","guid":{"rendered":"http:\/\/www.gurgelclube.com.br\/GurgelAVista\/?p=5226"},"modified":"2025-06-06T14:54:11","modified_gmt":"2025-06-06T17:54:11","slug":"placa-da-gurgel","status":"publish","type":"post","link":"https:\/\/gurgelclube.org.br\/site\/placa-da-gurgel\/","title":{"rendered":"Placa da Gurgel!"},"content":{"rendered":"<p>Oi,<\/p>\n<p>fui pra S\u00e3o Carlos, passei em Rio Claro, \u00f3bvio que n\u00e3o podia deixar de passar na f\u00e1brica.<\/p>\n<p><a href=\"http:\/\/www.gurgelclube.com.br\/GurgelAVista\/?attachment_id=5227\" rel=\"attachment wp-att-5227\"><img loading=\"lazy\" decoding=\"async\" class=\"aligncenter size-medium wp-image-5227\" title=\"placa da gurgel\" src=\"https:\/\/gurgelclube.org.br\/site\/wp-content\/uploads\/2025\/06\/placa-da-gurgel-500x375.jpg\" alt=\"\" width=\"500\" height=\"375\" \/><\/a><\/p>\n<p>Consegui entrar e dar uma volta por l\u00e1 e achei essa placa! Da \u00e9poca do &#8220;CENA&#8221;, pois diz &#8220;daqui sair\u00e1 o primeiro carro inteiramente projetado e constru\u00eddo no Brasil&#8221; (creio que seja essa a frase).<\/p>\n<p>Onde foram parar os outros 3\/4 da placa? Quem<strong><em> &#8220;vamos&#8221;<\/em><\/strong> buscar? hehehe<\/p>\n<p>Abra\u00e7os, Felipe<\/p>\n","protected":false},"excerpt":{"rendered":"<p>Oi, fui pra S\u00e3o Carlos, passei em Rio Claro, \u00f3bvio que n\u00e3o podia deixar de passar na f\u00e1brica. Consegui entrar e dar uma volta por l\u00e1 e achei essa placa! Da \u00e9poca do &#8220;CENA&#8221;, pois diz &#8220;daqui sair\u00e1 o primeiro carro inteiramente projetado e constru\u00eddo&#8230;<\/p>\n","protected":false},"author":6,"featured_media":17714,"comment_status":"open","ping_status":"open","sticky":false,"template":"","format":"standard","meta":{"footnotes":""},"categories":[21,30],"tags":[238,561],"class_list":["post-5226","post","type-post","status-publish","format-standard","has-post-thumbnail","hentry","category-gurgel-nas-ruas","category-placas-da-gurgel","tag-cena","tag-rio-claro"],"_links":{"self":[{"href":"https:\/\/gurgelclube.org.br\/site\/wp-json\/wp\/v2\/posts\/5226","targetHints":{"allow":["GET"]}}],"collection":[{"href":"https:\/\/gurgelclube.org.br\/site\/wp-json\/wp\/v2\/posts"}],"about":[{"href":"https:\/\/gurgelclube.org.br\/site\/wp-json\/wp\/v2\/types\/post"}],"author":[{"embeddable":true,"href":"https:\/\/gurgelclube.org.br\/site\/wp-json\/wp\/v2\/users\/6"}],"replies":[{"embeddable":true,"href":"https:\/\/gurgelclube.org.br\/site\/wp-json\/wp\/v2\/comments?post=5226"}],"version-history":[{"count":1,"href":"https:\/\/gurgelclube.org.br\/site\/wp-json\/wp\/v2\/posts\/5226\/revisions"}],"predecessor-version":[{"id":17715,"href":"https:\/\/gurgelclube.org.br\/site\/wp-json\/wp\/v2\/posts\/5226\/revisions\/17715"}],"wp:featuredmedia":[{"embeddable":true,"href":"https:\/\/gurgelclube.org.br\/site\/wp-json\/wp\/v2\/media\/17714"}],"wp:attachment":[{"href":"https:\/\/gurgelclube.org.br\/site\/wp-json\/wp\/v2\/media?parent=5226"}],"wp:term":[{"taxonomy":"category","embeddable":true,"href":"https:\/\/gurgelclube.org.br\/site\/wp-json\/wp\/v2\/categories?post=5226"},{"taxonomy":"post_tag","embeddable":true,"href":"https:\/\/gurgelclube.org.br\/site\/wp-json\/wp\/v2\/tags?post=5226"}],"curies":[{"name":"wp","href":"https:\/\/api.w.org\/{rel}","templated":true}]}}