{"id":5080,"date":"2012-03-16T08:30:37","date_gmt":"2012-03-16T11:30:37","guid":{"rendered":"http:\/\/www.gurgelclube.com.br\/GurgelAVista\/?p=5080"},"modified":"2025-06-06T15:03:16","modified_gmt":"2025-06-06T18:03:16","slug":"carajas-l-200-ou-l-200-carajas","status":"publish","type":"post","link":"https:\/\/gurgelclube.org.br\/site\/carajas-l-200-ou-l-200-carajas\/","title":{"rendered":"Caraj\u00e1s L-200 ou L-200 Caraj\u00e1s?"},"content":{"rendered":"<p>Dando uma olhada no blog &#8220;Bizarrices Automotivas&#8221; encontrei este Caraj\u00e1s com essa curiosa personaliza\u00e7\u00e3o, usando v\u00e1rios elementos das primeiras vers\u00f5es da Mitsubishi L-200. O resultado pareceu uma &#8220;fus\u00e3o&#8221; entre os dois carros.<\/p>\n<p><a href=\"http:\/\/www.gurgelclube.com.br\/GurgelAVista\/?attachment_id=5081\" rel=\"attachment wp-att-5081\"><img loading=\"lazy\" decoding=\"async\" class=\"aligncenter size-full wp-image-5081\" title=\"carajas gambiarra_thumb[1]\" src=\"https:\/\/gurgelclube.org.br\/site\/wp-content\/uploads\/2025\/06\/carajas-gambiarra_thumb1.jpg\" alt=\"\" width=\"404\" height=\"320\" \/><\/a><a href=\"http:\/\/www.gurgelclube.com.br\/GurgelAVista\/?attachment_id=5082\" rel=\"attachment wp-att-5082\"><img loading=\"lazy\" decoding=\"async\" class=\"aligncenter size-full wp-image-5082\" title=\"carajas gambiarra (1)_thumb[2]\" src=\"https:\/\/gurgelclube.org.br\/site\/wp-content\/uploads\/2025\/06\/carajas-gambiarra-1_thumb2.jpg\" alt=\"\" width=\"404\" height=\"238\" \/><\/a><a href=\"http:\/\/www.gurgelclube.com.br\/GurgelAVista\/?attachment_id=5083\" rel=\"attachment wp-att-5083\"><img loading=\"lazy\" decoding=\"async\" class=\"aligncenter size-full wp-image-5083\" title=\"carajas gambiarra (2)_thumb[1]\" src=\"https:\/\/gurgelclube.org.br\/site\/wp-content\/uploads\/2025\/06\/carajas-gambiarra-2_thumb1.jpg\" alt=\"\" width=\"404\" height=\"360\" \/><\/a><\/p>\n<p>Eu n\u00e3o sou muito f\u00e3 de modifica\u00e7\u00f5es extremas, mas, sinceramente, gostei desta, pois meio que &#8220;teve \u00e0 ver&#8221; com o carro. Principalmente dessa frente, cujo trabalho ficou bem feito e harm\u00f4nico. Talvez ele fosse at\u00e9 assim se ele n\u00e3o fosse descontinuado e nem a Gurgel tivesse quebrado.<\/p>\n<p>Como nem tudo \u00e9 perfeito, as lanternas traseiras\u00a0 e o &#8220;brake light&#8221; da Ranger destoaram do conjunto.<\/p>\n<p>Grande abra\u00e7o,<\/p>\n<p>Rodolfo Faria<\/p>\n<p>&nbsp;<\/p>\n","protected":false},"excerpt":{"rendered":"<p>Dando uma olhada no blog &#8220;Bizarrices Automotivas&#8221; encontrei este Caraj\u00e1s com essa curiosa personaliza\u00e7\u00e3o, usando v\u00e1rios elementos das primeiras vers\u00f5es da Mitsubishi L-200. O resultado pareceu uma &#8220;fus\u00e3o&#8221; entre os dois carros. Eu n\u00e3o sou muito f\u00e3 de modifica\u00e7\u00f5es extremas, mas, sinceramente, gostei desta, pois&#8230;<\/p>\n","protected":false},"author":7,"featured_media":17779,"comment_status":"open","ping_status":"open","sticky":false,"template":"","format":"standard","meta":{"footnotes":""},"categories":[11,21],"tags":[151,687,390],"class_list":["post-5080","post","type-post","status-publish","format-standard","has-post-thumbnail","hentry","category-carajas","category-gurgel-nas-ruas","tag-azul","tag-carajas","tag-internet"],"_links":{"self":[{"href":"https:\/\/gurgelclube.org.br\/site\/wp-json\/wp\/v2\/posts\/5080","targetHints":{"allow":["GET"]}}],"collection":[{"href":"https:\/\/gurgelclube.org.br\/site\/wp-json\/wp\/v2\/posts"}],"about":[{"href":"https:\/\/gurgelclube.org.br\/site\/wp-json\/wp\/v2\/types\/post"}],"author":[{"embeddable":true,"href":"https:\/\/gurgelclube.org.br\/site\/wp-json\/wp\/v2\/users\/7"}],"replies":[{"embeddable":true,"href":"https:\/\/gurgelclube.org.br\/site\/wp-json\/wp\/v2\/comments?post=5080"}],"version-history":[{"count":1,"href":"https:\/\/gurgelclube.org.br\/site\/wp-json\/wp\/v2\/posts\/5080\/revisions"}],"predecessor-version":[{"id":17783,"href":"https:\/\/gurgelclube.org.br\/site\/wp-json\/wp\/v2\/posts\/5080\/revisions\/17783"}],"wp:featuredmedia":[{"embeddable":true,"href":"https:\/\/gurgelclube.org.br\/site\/wp-json\/wp\/v2\/media\/17779"}],"wp:attachment":[{"href":"https:\/\/gurgelclube.org.br\/site\/wp-json\/wp\/v2\/media?parent=5080"}],"wp:term":[{"taxonomy":"category","embeddable":true,"href":"https:\/\/gurgelclube.org.br\/site\/wp-json\/wp\/v2\/categories?post=5080"},{"taxonomy":"post_tag","embeddable":true,"href":"https:\/\/gurgelclube.org.br\/site\/wp-json\/wp\/v2\/tags?post=5080"}],"curies":[{"name":"wp","href":"https:\/\/api.w.org\/{rel}","templated":true}]}}